{"id":3224,"date":"2025-06-03T01:03:30","date_gmt":"2025-06-03T01:03:30","guid":{"rendered":"https:\/\/lepigeonnier.techniquesmedia.com\/?p=3224"},"modified":"2025-06-03T01:03:30","modified_gmt":"2025-06-03T01:03:30","slug":"les-fusions-municipales-en-croissance-au-quebec","status":"publish","type":"post","link":"https:\/\/lepigeonnier.techniquesmedia.com\/?p=3224","title":{"rendered":"Les fusions municipales en croissance au Qu\u00e9bec\u00a0"},"content":{"rendered":"\n<p class=\"has-medium-font-size\"><strong>Colin Boucher &#8211; 1\u00e8re ann\u00e9e <\/strong><\/p>\n\n\n\n<p>Les regroupements municipaux sont en hausse au Qu\u00e9bec depuis quelques temps. Une situation int\u00e9ressante pour la ministre des Affaires municipales et certains \u00e9lus municipaux.&nbsp;&nbsp;<\/p>\n\n\n\n<p>Les municipalit\u00e9s du Qu\u00e9bec cherchent constamment \u00e0 \u00eatre plus efficaces, que ce soit au niveau de la gestion des effectifs, des \u00e9quipements ou m\u00eame de la logistique \u00e9conomique. Ce sont des enjeux qui frappent les 1 127 municipalit\u00e9s du Qu\u00e9bec. En 2023, sept projets de fusions ont \u00e9t\u00e9 d\u00e9pos\u00e9s au bureau de la ministre des Affaires municipales. L&rsquo;ann\u00e9e 2025 n&rsquo;est pas encore termin\u00e9e que d\u00e9j\u00e0 neuf autres projets sont propos\u00e9s.\u00a0<\/p>\n\n\n\n<p>Mme Laforest parle de certains avantages et inconv\u00e9nients des regroupements municipaux. Elle est cat\u00e9gorique quand elle affirme que c\u2019est lorsque les municipalit\u00e9s manquent de pr\u00e9paration que les relations et la coop\u00e9ration peuvent tourner au vinaigre. Elle mentionne cependant qu\u2019elle n\u2019a \u00ab pas vraiment d\u2019exemple d&rsquo;une fusion ayant mal fonctionn\u00e9. \u00bb\u00a0\u00a0<\/p>\n\n\n\n<p>En revanche, Andr\u00e9e Laforest estime que les regroupements bien pr\u00e9par\u00e9s sont souvent b\u00e9n\u00e9fiques.\u00a0 \u00ab Les avantages sont le regroupement des services et le partage des ressources. On peut avoir des gens qui travaillent dans deux ou trois municipalit\u00e9s. \u00c7a permet d\u2019\u00e9conomiser des co\u00fbts. \u00bb\u00a0\u00a0<\/p>\n\n\n\n<figure class=\"wp-block-image size-full\"><img loading=\"lazy\" decoding=\"async\" width=\"855\" height=\"912\" src=\"https:\/\/lepigeonnier.techniquesmedia.com\/wp-content\/uploads\/2025\/05\/image.png\" alt=\"\" class=\"wp-image-3226\" srcset=\"https:\/\/lepigeonnier.techniquesmedia.com\/wp-content\/uploads\/2025\/05\/image.png 855w, https:\/\/lepigeonnier.techniquesmedia.com\/wp-content\/uploads\/2025\/05\/image-281x300.png 281w, https:\/\/lepigeonnier.techniquesmedia.com\/wp-content\/uploads\/2025\/05\/image-768x819.png 768w\" sizes=\"auto, (max-width: 855px) 100vw, 855px\" \/><figcaption class=\"wp-element-caption\">Claire Bolduc, pr\u00e9f\u00e8te MRC du T\u00e9miscamingue<br>Cr\u00e9dit photo: Colin Boucher<\/figcaption><\/figure>\n\n\n\n<p><strong>Le T\u00e9miscamingue, une MRC touch\u00e9e par ce ph\u00e9nom\u00e8ne&nbsp;<\/strong>&nbsp;<\/p>\n\n\n\n<p>La MRC du T\u00e9miscamingue a connu une fusion. En 2018, les municipalit\u00e9s de Laverloch\u00e8re et d\u2019Angliers se sont fusionn\u00e9es formant ainsi Laverloch\u00e8re-Angliers. Une fusion qui a pris une tournure particuli\u00e8re alors que l\u2019\u00c9cole Centrale d\u2019Angliers, class\u00e9e comme patrimoine culturel, a maintenant besoin de r\u00e9novations importantes et co\u00fbteuses. Une situation que l\u2019on pourrait consid\u00e9rer comme pr\u00e9occupante pour les contribuables des deux villages qui se demandent maintenant qui paiera la facture.<\/p>\n\n\n\n<p>Pour une MRC \u00e0 faible densit\u00e9 comme le T\u00e9miscamingue, la fusion est une option envisageable, estime la pr\u00e9f\u00e8te, Claire Bolduc. \u00ab Je pense qu\u2019il y a des r\u00e9flexions, des discussions en ce moment. J\u2019en suis consciente. On participe. \u00bb Mais elle ajoute que le processus ne peut \u00eatre impos\u00e9. \u00ab Le gouvernement du Qu\u00e9bec ou la MRC ne peut pas et ne doit pas obliger les municipalit\u00e9s \u00e0 se regrouper. \u00c7a doit venir de la base. \u00bb\u00a0\u00a0\u00a0\u00a0<\/p>\n\n\n\n<p><\/p>\n","protected":false},"excerpt":{"rendered":"<p>Colin Boucher &#8211; 1\u00e8re ann\u00e9e Les regroupements municipaux sont en hausse au Qu\u00e9bec depuis quelques temps. Une situation int\u00e9ressante pour &hellip; <\/p>\n","protected":false},"author":93,"featured_media":0,"comment_status":"open","ping_status":"open","sticky":false,"template":"","format":"standard","meta":{"cybocfi_hide_featured_image":"","footnotes":""},"categories":[3],"tags":[],"class_list":["post-3224","post","type-post","status-publish","format-standard","hentry","category-actualite"],"yoast_head":"<!-- This site is optimized with the Yoast SEO plugin v23.7 - https:\/\/yoast.com\/wordpress\/plugins\/seo\/ -->\n<title>Les fusions municipales en croissance au Qu\u00e9bec\u00a0 - Le Pigeonnier<\/title>\n<meta name=\"robots\" content=\"index, follow, max-snippet:-1, max-image-preview:large, max-video-preview:-1\" \/>\n<link rel=\"canonical\" href=\"https:\/\/lepigeonnier.techniquesmedia.com\/?p=3224\" \/>\n<meta property=\"og:locale\" content=\"fr_FR\" \/>\n<meta property=\"og:type\" content=\"article\" \/>\n<meta property=\"og:title\" content=\"Les fusions municipales en croissance au Qu\u00e9bec\u00a0 - Le Pigeonnier\" \/>\n<meta property=\"og:description\" content=\"Colin Boucher &#8211; 1\u00e8re ann\u00e9e Les regroupements municipaux sont en hausse au Qu\u00e9bec depuis quelques temps. Une situation int\u00e9ressante pour &hellip;\" \/>\n<meta property=\"og:url\" content=\"https:\/\/lepigeonnier.techniquesmedia.com\/?p=3224\" \/>\n<meta property=\"og:site_name\" content=\"Le Pigeonnier\" \/>\n<meta property=\"article:published_time\" content=\"2025-06-03T01:03:30+00:00\" \/>\n<meta property=\"og:image\" content=\"https:\/\/lepigeonnier.techniquesmedia.com\/wp-content\/uploads\/2025\/05\/image.png\" \/>\n\t<meta property=\"og:image:width\" content=\"855\" \/>\n\t<meta property=\"og:image:height\" content=\"912\" \/>\n\t<meta property=\"og:image:type\" content=\"image\/png\" \/>\n<meta name=\"author\" content=\"\u00c9tudiants Journalisme\" \/>\n<meta name=\"twitter:card\" content=\"summary_large_image\" \/>\n<meta name=\"twitter:label1\" content=\"\u00c9crit par\" \/>\n\t<meta name=\"twitter:data1\" content=\"\u00c9tudiants Journalisme\" \/>\n\t<meta name=\"twitter:label2\" content=\"Dur\u00e9e de lecture estim\u00e9e\" \/>\n\t<meta name=\"twitter:data2\" content=\"2 minutes\" \/>\n<script type=\"application\/ld+json\" class=\"yoast-schema-graph\">{\"@context\":\"https:\/\/schema.org\",\"@graph\":[{\"@type\":\"Article\",\"@id\":\"https:\/\/lepigeonnier.techniquesmedia.com\/?p=3224#article\",\"isPartOf\":{\"@id\":\"https:\/\/lepigeonnier.techniquesmedia.com\/?p=3224\"},\"author\":{\"name\":\"\u00c9tudiants Journalisme\",\"@id\":\"https:\/\/lepigeonnier.techniquesmedia.com\/#\/schema\/person\/fa7b3f602ed1eb6d8c99e9b5b95c1db4\"},\"headline\":\"Les fusions municipales en croissance au Qu\u00e9bec\u00a0\",\"datePublished\":\"2025-06-03T01:03:30+00:00\",\"dateModified\":\"2025-06-03T01:03:30+00:00\",\"mainEntityOfPage\":{\"@id\":\"https:\/\/lepigeonnier.techniquesmedia.com\/?p=3224\"},\"wordCount\":417,\"commentCount\":0,\"publisher\":{\"@id\":\"https:\/\/lepigeonnier.techniquesmedia.com\/#organization\"},\"image\":{\"@id\":\"https:\/\/lepigeonnier.techniquesmedia.com\/?p=3224#primaryimage\"},\"thumbnailUrl\":\"https:\/\/lepigeonnier.techniquesmedia.com\/wp-content\/uploads\/2025\/05\/image.png\",\"articleSection\":[\"Actualit\u00e9\"],\"inLanguage\":\"fr-FR\",\"potentialAction\":[{\"@type\":\"CommentAction\",\"name\":\"Comment\",\"target\":[\"https:\/\/lepigeonnier.techniquesmedia.com\/?p=3224#respond\"]}]},{\"@type\":\"WebPage\",\"@id\":\"https:\/\/lepigeonnier.techniquesmedia.com\/?p=3224\",\"url\":\"https:\/\/lepigeonnier.techniquesmedia.com\/?p=3224\",\"name\":\"Les fusions municipales en croissance au Qu\u00e9bec\u00a0 - Le Pigeonnier\",\"isPartOf\":{\"@id\":\"https:\/\/lepigeonnier.techniquesmedia.com\/#website\"},\"primaryImageOfPage\":{\"@id\":\"https:\/\/lepigeonnier.techniquesmedia.com\/?p=3224#primaryimage\"},\"image\":{\"@id\":\"https:\/\/lepigeonnier.techniquesmedia.com\/?p=3224#primaryimage\"},\"thumbnailUrl\":\"https:\/\/lepigeonnier.techniquesmedia.com\/wp-content\/uploads\/2025\/05\/image.png\",\"datePublished\":\"2025-06-03T01:03:30+00:00\",\"dateModified\":\"2025-06-03T01:03:30+00:00\",\"breadcrumb\":{\"@id\":\"https:\/\/lepigeonnier.techniquesmedia.com\/?p=3224#breadcrumb\"},\"inLanguage\":\"fr-FR\",\"potentialAction\":[{\"@type\":\"ReadAction\",\"target\":[\"https:\/\/lepigeonnier.techniquesmedia.com\/?p=3224\"]}]},{\"@type\":\"ImageObject\",\"inLanguage\":\"fr-FR\",\"@id\":\"https:\/\/lepigeonnier.techniquesmedia.com\/?p=3224#primaryimage\",\"url\":\"https:\/\/lepigeonnier.techniquesmedia.com\/wp-content\/uploads\/2025\/05\/image.png\",\"contentUrl\":\"https:\/\/lepigeonnier.techniquesmedia.com\/wp-content\/uploads\/2025\/05\/image.png\",\"width\":855,\"height\":912},{\"@type\":\"BreadcrumbList\",\"@id\":\"https:\/\/lepigeonnier.techniquesmedia.com\/?p=3224#breadcrumb\",\"itemListElement\":[{\"@type\":\"ListItem\",\"position\":1,\"name\":\"Accueil\",\"item\":\"https:\/\/lepigeonnier.techniquesmedia.com\/\"},{\"@type\":\"ListItem\",\"position\":2,\"name\":\"Les fusions municipales en croissance au Qu\u00e9bec\u00a0\"}]},{\"@type\":\"WebSite\",\"@id\":\"https:\/\/lepigeonnier.techniquesmedia.com\/#website\",\"url\":\"https:\/\/lepigeonnier.techniquesmedia.com\/\",\"name\":\"Le Pigeonnier\",\"description\":\"Un webjournal par les \u00e9tudiants de 1\u00e8re et 2e ann\u00e9e de TCM en ATM\",\"publisher\":{\"@id\":\"https:\/\/lepigeonnier.techniquesmedia.com\/#organization\"},\"potentialAction\":[{\"@type\":\"SearchAction\",\"target\":{\"@type\":\"EntryPoint\",\"urlTemplate\":\"https:\/\/lepigeonnier.techniquesmedia.com\/?s={search_term_string}\"},\"query-input\":{\"@type\":\"PropertyValueSpecification\",\"valueRequired\":true,\"valueName\":\"search_term_string\"}}],\"inLanguage\":\"fr-FR\"},{\"@type\":\"Organization\",\"@id\":\"https:\/\/lepigeonnier.techniquesmedia.com\/#organization\",\"name\":\"Le Pigeonnier\",\"url\":\"https:\/\/lepigeonnier.techniquesmedia.com\/\",\"logo\":{\"@type\":\"ImageObject\",\"inLanguage\":\"fr-FR\",\"@id\":\"https:\/\/lepigeonnier.techniquesmedia.com\/#\/schema\/logo\/image\/\",\"url\":\"https:\/\/lepigeonnier.techniquesmedia.com\/wp-content\/uploads\/2021\/10\/cropped-logo-boite-mail-et-pigeon-bold.jpg\",\"contentUrl\":\"https:\/\/lepigeonnier.techniquesmedia.com\/wp-content\/uploads\/2021\/10\/cropped-logo-boite-mail-et-pigeon-bold.jpg\",\"width\":500,\"height\":500,\"caption\":\"Le Pigeonnier\"},\"image\":{\"@id\":\"https:\/\/lepigeonnier.techniquesmedia.com\/#\/schema\/logo\/image\/\"}},{\"@type\":\"Person\",\"@id\":\"https:\/\/lepigeonnier.techniquesmedia.com\/#\/schema\/person\/fa7b3f602ed1eb6d8c99e9b5b95c1db4\",\"name\":\"\u00c9tudiants Journalisme\",\"image\":{\"@type\":\"ImageObject\",\"inLanguage\":\"fr-FR\",\"@id\":\"https:\/\/lepigeonnier.techniquesmedia.com\/#\/schema\/person\/image\/\",\"url\":\"https:\/\/secure.gravatar.com\/avatar\/6f05f03ff458699ff82ba06dd56e0036e9b92227452b157d71e5d54232870daa?s=96&d=mm&r=g\",\"contentUrl\":\"https:\/\/secure.gravatar.com\/avatar\/6f05f03ff458699ff82ba06dd56e0036e9b92227452b157d71e5d54232870daa?s=96&d=mm&r=g\",\"caption\":\"\u00c9tudiants Journalisme\"},\"url\":\"https:\/\/lepigeonnier.techniquesmedia.com\/?author=93\"}]}<\/script>\n<!-- \/ Yoast SEO plugin. -->","yoast_head_json":{"title":"Les fusions municipales en croissance au Qu\u00e9bec\u00a0 - Le Pigeonnier","robots":{"index":"index","follow":"follow","max-snippet":"max-snippet:-1","max-image-preview":"max-image-preview:large","max-video-preview":"max-video-preview:-1"},"canonical":"https:\/\/lepigeonnier.techniquesmedia.com\/?p=3224","og_locale":"fr_FR","og_type":"article","og_title":"Les fusions municipales en croissance au Qu\u00e9bec\u00a0 - Le Pigeonnier","og_description":"Colin Boucher &#8211; 1\u00e8re ann\u00e9e Les regroupements municipaux sont en hausse au Qu\u00e9bec depuis quelques temps. Une situation int\u00e9ressante pour &hellip;","og_url":"https:\/\/lepigeonnier.techniquesmedia.com\/?p=3224","og_site_name":"Le Pigeonnier","article_published_time":"2025-06-03T01:03:30+00:00","og_image":[{"width":855,"height":912,"url":"https:\/\/lepigeonnier.techniquesmedia.com\/wp-content\/uploads\/2025\/05\/image.png","type":"image\/png"}],"author":"\u00c9tudiants Journalisme","twitter_card":"summary_large_image","twitter_misc":{"\u00c9crit par":"\u00c9tudiants Journalisme","Dur\u00e9e de lecture estim\u00e9e":"2 minutes"},"schema":{"@context":"https:\/\/schema.org","@graph":[{"@type":"Article","@id":"https:\/\/lepigeonnier.techniquesmedia.com\/?p=3224#article","isPartOf":{"@id":"https:\/\/lepigeonnier.techniquesmedia.com\/?p=3224"},"author":{"name":"\u00c9tudiants Journalisme","@id":"https:\/\/lepigeonnier.techniquesmedia.com\/#\/schema\/person\/fa7b3f602ed1eb6d8c99e9b5b95c1db4"},"headline":"Les fusions municipales en croissance au Qu\u00e9bec\u00a0","datePublished":"2025-06-03T01:03:30+00:00","dateModified":"2025-06-03T01:03:30+00:00","mainEntityOfPage":{"@id":"https:\/\/lepigeonnier.techniquesmedia.com\/?p=3224"},"wordCount":417,"commentCount":0,"publisher":{"@id":"https:\/\/lepigeonnier.techniquesmedia.com\/#organization"},"image":{"@id":"https:\/\/lepigeonnier.techniquesmedia.com\/?p=3224#primaryimage"},"thumbnailUrl":"https:\/\/lepigeonnier.techniquesmedia.com\/wp-content\/uploads\/2025\/05\/image.png","articleSection":["Actualit\u00e9"],"inLanguage":"fr-FR","potentialAction":[{"@type":"CommentAction","name":"Comment","target":["https:\/\/lepigeonnier.techniquesmedia.com\/?p=3224#respond"]}]},{"@type":"WebPage","@id":"https:\/\/lepigeonnier.techniquesmedia.com\/?p=3224","url":"https:\/\/lepigeonnier.techniquesmedia.com\/?p=3224","name":"Les fusions municipales en croissance au Qu\u00e9bec\u00a0 - Le Pigeonnier","isPartOf":{"@id":"https:\/\/lepigeonnier.techniquesmedia.com\/#website"},"primaryImageOfPage":{"@id":"https:\/\/lepigeonnier.techniquesmedia.com\/?p=3224#primaryimage"},"image":{"@id":"https:\/\/lepigeonnier.techniquesmedia.com\/?p=3224#primaryimage"},"thumbnailUrl":"https:\/\/lepigeonnier.techniquesmedia.com\/wp-content\/uploads\/2025\/05\/image.png","datePublished":"2025-06-03T01:03:30+00:00","dateModified":"2025-06-03T01:03:30+00:00","breadcrumb":{"@id":"https:\/\/lepigeonnier.techniquesmedia.com\/?p=3224#breadcrumb"},"inLanguage":"fr-FR","potentialAction":[{"@type":"ReadAction","target":["https:\/\/lepigeonnier.techniquesmedia.com\/?p=3224"]}]},{"@type":"ImageObject","inLanguage":"fr-FR","@id":"https:\/\/lepigeonnier.techniquesmedia.com\/?p=3224#primaryimage","url":"https:\/\/lepigeonnier.techniquesmedia.com\/wp-content\/uploads\/2025\/05\/image.png","contentUrl":"https:\/\/lepigeonnier.techniquesmedia.com\/wp-content\/uploads\/2025\/05\/image.png","width":855,"height":912},{"@type":"BreadcrumbList","@id":"https:\/\/lepigeonnier.techniquesmedia.com\/?p=3224#breadcrumb","itemListElement":[{"@type":"ListItem","position":1,"name":"Accueil","item":"https:\/\/lepigeonnier.techniquesmedia.com\/"},{"@type":"ListItem","position":2,"name":"Les fusions municipales en croissance au Qu\u00e9bec\u00a0"}]},{"@type":"WebSite","@id":"https:\/\/lepigeonnier.techniquesmedia.com\/#website","url":"https:\/\/lepigeonnier.techniquesmedia.com\/","name":"Le Pigeonnier","description":"Un webjournal par les \u00e9tudiants de 1\u00e8re et 2e ann\u00e9e de TCM en ATM","publisher":{"@id":"https:\/\/lepigeonnier.techniquesmedia.com\/#organization"},"potentialAction":[{"@type":"SearchAction","target":{"@type":"EntryPoint","urlTemplate":"https:\/\/lepigeonnier.techniquesmedia.com\/?s={search_term_string}"},"query-input":{"@type":"PropertyValueSpecification","valueRequired":true,"valueName":"search_term_string"}}],"inLanguage":"fr-FR"},{"@type":"Organization","@id":"https:\/\/lepigeonnier.techniquesmedia.com\/#organization","name":"Le Pigeonnier","url":"https:\/\/lepigeonnier.techniquesmedia.com\/","logo":{"@type":"ImageObject","inLanguage":"fr-FR","@id":"https:\/\/lepigeonnier.techniquesmedia.com\/#\/schema\/logo\/image\/","url":"https:\/\/lepigeonnier.techniquesmedia.com\/wp-content\/uploads\/2021\/10\/cropped-logo-boite-mail-et-pigeon-bold.jpg","contentUrl":"https:\/\/lepigeonnier.techniquesmedia.com\/wp-content\/uploads\/2021\/10\/cropped-logo-boite-mail-et-pigeon-bold.jpg","width":500,"height":500,"caption":"Le Pigeonnier"},"image":{"@id":"https:\/\/lepigeonnier.techniquesmedia.com\/#\/schema\/logo\/image\/"}},{"@type":"Person","@id":"https:\/\/lepigeonnier.techniquesmedia.com\/#\/schema\/person\/fa7b3f602ed1eb6d8c99e9b5b95c1db4","name":"\u00c9tudiants Journalisme","image":{"@type":"ImageObject","inLanguage":"fr-FR","@id":"https:\/\/lepigeonnier.techniquesmedia.com\/#\/schema\/person\/image\/","url":"https:\/\/secure.gravatar.com\/avatar\/6f05f03ff458699ff82ba06dd56e0036e9b92227452b157d71e5d54232870daa?s=96&d=mm&r=g","contentUrl":"https:\/\/secure.gravatar.com\/avatar\/6f05f03ff458699ff82ba06dd56e0036e9b92227452b157d71e5d54232870daa?s=96&d=mm&r=g","caption":"\u00c9tudiants Journalisme"},"url":"https:\/\/lepigeonnier.techniquesmedia.com\/?author=93"}]}},"_links":{"self":[{"href":"https:\/\/lepigeonnier.techniquesmedia.com\/index.php?rest_route=\/wp\/v2\/posts\/3224","targetHints":{"allow":["GET"]}}],"collection":[{"href":"https:\/\/lepigeonnier.techniquesmedia.com\/index.php?rest_route=\/wp\/v2\/posts"}],"about":[{"href":"https:\/\/lepigeonnier.techniquesmedia.com\/index.php?rest_route=\/wp\/v2\/types\/post"}],"author":[{"embeddable":true,"href":"https:\/\/lepigeonnier.techniquesmedia.com\/index.php?rest_route=\/wp\/v2\/users\/93"}],"replies":[{"embeddable":true,"href":"https:\/\/lepigeonnier.techniquesmedia.com\/index.php?rest_route=%2Fwp%2Fv2%2Fcomments&post=3224"}],"version-history":[{"count":2,"href":"https:\/\/lepigeonnier.techniquesmedia.com\/index.php?rest_route=\/wp\/v2\/posts\/3224\/revisions"}],"predecessor-version":[{"id":3367,"href":"https:\/\/lepigeonnier.techniquesmedia.com\/index.php?rest_route=\/wp\/v2\/posts\/3224\/revisions\/3367"}],"wp:attachment":[{"href":"https:\/\/lepigeonnier.techniquesmedia.com\/index.php?rest_route=%2Fwp%2Fv2%2Fmedia&parent=3224"}],"wp:term":[{"taxonomy":"category","embeddable":true,"href":"https:\/\/lepigeonnier.techniquesmedia.com\/index.php?rest_route=%2Fwp%2Fv2%2Fcategories&post=3224"},{"taxonomy":"post_tag","embeddable":true,"href":"https:\/\/lepigeonnier.techniquesmedia.com\/index.php?rest_route=%2Fwp%2Fv2%2Ftags&post=3224"}],"curies":[{"name":"wp","href":"https:\/\/api.w.org\/{rel}","templated":true}]}}